{"id":1089,"date":"2024-06-25T07:58:00","date_gmt":"2024-06-25T05:58:00","guid":{"rendered":"https:\/\/ambler.es\/entenent-la-cobertura-de-responsabilitat-civil-locativa\/"},"modified":"2025-06-11T16:53:00","modified_gmt":"2025-06-11T14:53:00","slug":"entenent-la-cobertura-de-responsabilitat-civil-locativa","status":"publish","type":"post","link":"https:\/\/ambler.es\/ca\/entenent-la-cobertura-de-responsabilitat-civil-locativa\/","title":{"rendered":"Entenent la cobertura de Responsabilitat Civil Locativa"},"content":{"rendered":"<p><span style=\"font-weight: 400;\">La Responsabilitat Civil Locativa \u00e9s un pilar fonamental en la gesti\u00f3 de qualsevol empresa, sense importar quin sigui el seu tamany o sector. Per\u00f2, per qu\u00e8 \u00e9s imprescindible con\u00e8ixer els seus detalls? Quins s\u00f3n els seus principals beneficis i com poden afectar l&#8217;empresa en cas de no complir-se adequadament?<\/span><\/p>\n<p>&nbsp;<\/p>\n<p><span style=\"font-weight: 400;\">A continuaci\u00f3, des d&#8217;Ambler aprofundirem en la import\u00e0ncia de l&#8217;<\/span><b>asseguran\u00e7a de Responsabilitat Civil per a PIMES i aut\u00f2noms<\/b><span style=\"font-weight: 400;\">, destacant el seu paper en la mitigaci\u00f3 de riscos i la preservaci\u00f3 de l&#8217;estabilitat empresarial.<\/span><\/p>\n<p>&nbsp;<\/p>\n<p><iframe title=\"Entendiendo la Responsabilidad Civil Locativa: Un pilar para propietarios y arrendatarios.\" width=\"800\" height=\"450\" src=\"https:\/\/www.youtube.com\/embed\/kKC9okTgE2I?feature=oembed\" frameborder=\"0\" allow=\"accelerometer; autoplay; clipboard-write; encrypted-media; gyroscope; picture-in-picture; web-share\" referrerpolicy=\"strict-origin-when-cross-origin\" allowfullscreen><\/iframe><\/p>\n<h2>\nPer a qu\u00e8 serveix la cobertura de Responsabilitat Civil Locativa?<\/h2>\n<p><span style=\"font-weight: 400;\">La cobertura de Responsabilitat Civil Locativa \u00e9s un component essencial en la gesti\u00f3 de propietats immobili\u00e0ries tant per a propietaris com per a arrendataris. Aix\u00ed, es garanteix protecci\u00f3 davant els possibles danys que l&#8217;immoble pugui patir durant el per\u00edode de lloguer, derivats d&#8217;activitats realitzades per l&#8217;arrendatari que causin perjudici material o personal.<\/span><\/p>\n<p>&nbsp;<\/p>\n<p><span style=\"font-weight: 400;\">Per\u00f2 la Responsabilitat Civil Locativa no es limita nom\u00e9s a danys f\u00edsics en l&#8217;immoble, sin\u00f3 que tamb\u00e9 cobreix incidents que puguin ocasionar lesions a tercers dins de les instal\u00b7lacions arrendades. Aix\u00f2 inclou accidents com relliscades o caigudes, aix\u00ed com qualsevol altre incident que pugui resultar en danys a la propietat o lesions personals.<\/span><\/p>\n<p>&nbsp;<\/p>\n<h2><b>La seva import\u00e0ncia<\/b><\/h2>\n<p><span style=\"font-weight: 400;\">Tant per al propietari com per a l&#8217;arrendatari, comptar amb aquesta cobertura \u00e9s fonamental per evitar possibles disputes legals i despeses financeres inesperades en cas de sinistre.<\/span><\/p>\n<p>&nbsp;<\/p>\n<p><span style=\"font-weight: 400;\">En assegurar la protecci\u00f3 de l&#8217;immoble i de les persones que l&#8217;ocupen, la cobertura de Responsabilitat Civil Locativa brinda tranquil\u00b7litat i seguretat a ambdues parts involucrades en el contracte d&#8217;arrendament.<\/span><\/p>\n<p>&nbsp;<\/p>\n<p><span style=\"font-weight: 400;\">A m\u00e9s, aquesta cobertura no nom\u00e9s protegeix els interessos econ\u00f2mics del propietari i de l&#8217;arrendatari, sin\u00f3 que tamb\u00e9 contribueix a mantenir una relaci\u00f3 harmoniosa entre ambdues parts. Quina \u00e9s una altra de les seves avantatges? Promou la confian\u00e7a i refor\u00e7a la col\u00b7laboraci\u00f3 entre propietaris i arrendataris.<\/span><\/p>\n<p>&nbsp;<\/p>\n<p>&nbsp;<\/p>\n<h2><b>La Responsabilitat Civil en la llei<\/b><\/h2>\n<p><span style=\"font-weight: 400;\">El Codi Civil regula les mat\u00e8ries jur\u00eddiques civils. En l&#8217;article 1902, s&#8217;estableix que &#8220;Qui per acci\u00f3 o omissi\u00f3 causa dany a un altre, intervenint culpa o neglig\u00e8ncia, est\u00e0 obligat a reparar el dany causat&#8221;.<\/span><\/p>\n<p>&nbsp;<\/p>\n<p><span style=\"font-weight: 400;\">Per tant, totes les persones, incloses les empreses i aut\u00f2noms, han de respondre pels danys que causin en l&#8217;exercici de la seva activitat. Una asseguran\u00e7a de Responsabilitat Civil \u00e9s vital per protegir-se de possibles demandes i cobrir els costos associats.<\/span><\/p>\n<p>&nbsp;<\/p>\n<p><span style=\"font-weight: 400;\">Aquesta disposici\u00f3 legal implica que totes les persones, sigui quina sigui la seva activitat o professi\u00f3, s\u00f3n responsables dels danys que puguin ocasionar a tercers en l&#8217;exercici de les seves tasques.<\/span><\/p>\n<p>&nbsp;<\/p>\n<p>&nbsp;<\/p>\n<h2><b>Per qu\u00e8 una asseguran\u00e7a de Responsabilitat Civil?<\/b><\/h2>\n<p><span style=\"font-weight: 400;\">En l&#8217;\u00e0mbit empresarial i professional, aquesta responsabilitat pot ser encara m\u00e9s apressant, ja que les activitats comercials i professionals comporten riscos addicionals que podrien ocasionar danys materials o personals a tercers.<\/span><\/p>\n<p>&nbsp;<\/p>\n<p><span style=\"font-weight: 400;\">Per tant, \u00e9s imprescindible que les empreses i aut\u00f2noms estiguin protegits de manera adequada amb una asseguran\u00e7a de Responsabilitat Civil que els brindi cobertura en cas d&#8217;enfrontar reclamacions legals.<\/span><\/p>\n<p>&nbsp;<\/p>\n<p><span style=\"font-weight: 400;\">D&#8217;aquesta manera, es proporciona una salvaguarda financera important en cobrir els costos associats amb demandes legals, indemnitzacions i despeses legals que puguin sorgir com a resultat de reclamacions per danys.<\/span><\/p>\n<p>&nbsp;<\/p>\n<p><span style=\"font-weight: 400;\">A m\u00e9s de protegir els actius financers i el patrimoni personal de l&#8217;assegurat, aquest tipus de protecci\u00f3 tamb\u00e9 otorga tranquil\u00b7litat i seguretat en el desenvolupament de les activitats comercials i professionals.<\/span><\/p>\n<p>&nbsp;<\/p>\n<p><span style=\"font-weight: 400;\">Finalment, el compliment de la llei i la protecci\u00f3 dels interessos personals i comercials van de la m\u00e0 quan es tracta de la Responsabilitat Civil.<\/span><\/p>\n<p>&nbsp;<\/p>\n<h2><b>Major tranquil\u00b7litat<\/b><\/h2>\n<p><span style=\"font-weight: 400;\">En assegurar-se de tenir la cobertura adequada, les empreses i aut\u00f2noms poden operar amb confian\u00e7a, sabent que estan preparats per fer front a qualsevol eventualitat i complir amb les seves obligacions legals en cas de sorgir algun inconvenient.<\/span><\/p>\n<p>&nbsp;<\/p>\n<p><span style=\"font-weight: 400;\">De la mateixa manera, poden enfocar-se en el creixement i desenvolupament dels seus negocis sense la por constant a enfrontar demandes que puguin posar en perill el seu patrimoni personal o el futur de la seva empresa.<\/span><\/p>\n<p>&nbsp;<\/p>\n<p>&nbsp;<\/p>\n<h2><b>Per a qui est\u00e0 pensada la responsabilitat civil locativa?<\/b><\/h2>\n<p><span style=\"font-weight: 400;\">El llogater del local \u00e9s qui, en general, contracta la responsabilitat civil locativa per protegir-se en cas d&#8217;accidents greus, evitant aix\u00ed haver d&#8217;enfrontar c\u00e0rrecs financers amb el seu propi patrimoni. Aquesta cobertura \u00e9s essencial en diversos casos:<\/span><\/p>\n<p>&nbsp;<\/p>\n<h3><b>Propietat destinada a l&#8217;\u00fas de tercers<\/b><\/h3>\n<p><span style=\"font-weight: 400;\">Si ets propietari d&#8217;un immoble que ser\u00e0 utilitzat per tercers, com un local comercial, \u00e9s fonamental comptar amb aquesta cobertura per protegir els teus interessos financers davant possibles incidents.<\/span><\/p>\n<p>&nbsp;<\/p>\n<h3><b>Lloguer de locals comercials o naus industrials<\/b><\/h3>\n<p><span style=\"font-weight: 400;\">Si est\u00e0s llogant un espai per dur a terme la teva activitat empresarial, la contractaci\u00f3 de la responsabilitat civil locativa et protegeix de responsabilitats econ\u00f2miques en cas de danys, com l&#8217;incendi, o accidents ocorreguts en el local arrendat.<\/span><\/p>\n<p>&nbsp;<\/p>\n<h3><b>Lloguer d&#8217;habitatges o edificis amb fins lucratius<\/b><\/h3>\n<p><span style=\"font-weight: 400;\">En aquest cas, com lloguers vacacionals o espais per a esdeveniments, tenir aquesta cobertura \u00e9s crucial per prevenir despeses imprevistes derivades de possibles incidents.<\/span><\/p>\n<p>&nbsp;<\/p>\n<p>&nbsp;<\/p>\n<h2><b>Qu\u00e8 m\u00e9s no podem passar per alt?<\/b><\/h2>\n<p><span style=\"font-weight: 400;\">Un altre aspecte fonamental a considerar \u00e9s que, en molts casos, la contractaci\u00f3 d&#8217;una asseguran\u00e7a de Responsabilitat Civil \u00e9s un requisit legal o contractual per exercir certes activitats comercials o professionals.<\/span><\/p>\n<p>&nbsp;<\/p>\n<p><span style=\"font-weight: 400;\">Complir amb aquestes obligacions legals \u00e9s essencial per evitar sancions i mantenir la integritat i reputaci\u00f3 del negoci. Aix\u00ed, estar assegurats de manera adequada no nom\u00e9s \u00e9s una mesura de protecci\u00f3 financera, sin\u00f3 tamb\u00e9 una forma de complir amb els requisits legals i garantir la continu\u00eftat del negoci en el mercat.<\/span><\/p>\n<p>&nbsp;<\/p>\n<p>&nbsp;<\/p>\n<h2><b>Modalitats i cobertures disponibles<\/b><\/h2>\n<p><span style=\"font-weight: 400;\">Hi ha diferents tipus de cobertures en una asseguran\u00e7a de Responsabilitat Civil i diferents modalitats de protecci\u00f3 que ofereixen diverses cobertures per adaptar-se a les necessitats de cada negoci.<\/span><\/p>\n<p>&nbsp;<\/p>\n<p><span style=\"font-weight: 400;\">Ja sigui que necessitem protecci\u00f3 contra intoxicacions aliment\u00e0ries en restaurants o fins i tot indemnitzacions per errors professionals, una asseguran\u00e7a de Responsabilitat Civil proporciona una \u00e0mplia gamma de possibilitats per garantir la tranquil\u00b7litat dels empresaris i aut\u00f2noms.<\/span><\/p>\n<p>&nbsp;<\/p>\n<p><span style=\"font-weight: 400;\">Entre les diferents modalitats i cobertures disponibles hi ha aquelles dissenyades per a sectors espec\u00edfics, com l&#8217;hostaleria, la construcci\u00f3, la salut o el transport.<\/span><\/p>\n<p>&nbsp;<\/p>\n<p><span style=\"font-weight: 400;\">D&#8217;aquesta manera, les assegurances estan adaptades a les necessitats i riscos particulars de cada ind\u00fastria, brindant una protecci\u00f3 integral contra els possibles riscos i reclamacions associades a cada activitat.<\/span><\/p>\n<p>&nbsp;<\/p>\n<p><span style=\"font-weight: 400;\">En el sector de l&#8217;hostaleria, per exemple, on els riscos d&#8217;intoxicaci\u00f3 aliment\u00e0ria o accidents en el lloc de treball s\u00f3n m\u00e9s freq\u00fcents, es protegeix de manera m\u00e9s espec\u00edfica els propietaris de restaurants, hotels o cafeteries contra reclamacions per danys a clients, empleats o tercers.<\/span><\/p>\n<p>&nbsp;<\/p>\n<p><span style=\"font-weight: 400;\">Pel que fa a l&#8217;\u00e0mbit de la <\/span><a href=\"https:\/\/ambler.es\/ca\/asseguranca-tot-risc-construccio\/\"><span style=\"font-weight: 400;\">construcci\u00f3<\/span><\/a><span style=\"font-weight: 400;\">, on els accidents laborals i els danys materials s\u00f3n comuns, les assegurances ofereixen cobertures per protegir contractistes, arquitectes, enginyers i altres professionals del sector contra reclamacions per lesions personals, danys a la propietat i defectes de construcci\u00f3.<\/span><\/p>\n<p>&nbsp;<\/p>\n<p><span style=\"font-weight: 400;\">En el sector de la <\/span><a href=\"https:\/\/ambler.es\/ca\/assegurances-empreses\/asseguranca-de-salut-per-a-treballadors\/\"><span style=\"font-weight: 400;\">salut<\/span><\/a><span style=\"font-weight: 400;\">, on els riscos d&#8217;errors m\u00e8dics i neglig\u00e8ncia professional s\u00f3n especialment alts, les assegurances s\u00f3n imprescindibles per protegir metges, hospitals i cl\u00edniques contra reclamacions per mala praxis, lesions a pacients i altres errors m\u00e8dics.<\/span><\/p>\n<p>&nbsp;<\/p>\n<p><span style=\"font-weight: 400;\">Finalment, en el transport, on els accidents de tr\u00e0nsit i els danys s\u00f3n riscos constants, les cobertures que es donen s\u00f3n per protegir empreses de transport, conductors i propietaris de vehicles contra reclamacions per accidents, lesions i danys a la propietat.<\/span><\/p>\n<p>&nbsp;<\/p>\n<p>&nbsp;<\/p>\n<h2><b>Quin \u00e9s el seg\u00fcent pas?<\/b><\/h2>\n<p><span style=\"font-weight: 400;\">Com hem vist, comprendre la import\u00e0ncia de la Responsabilitat Civil Locativa \u00e9s essencial per poder evitar complicacions tant si som propietaris com arrendataris. A Ambler som experts en gesti\u00f3 de riscos, si encara tens dubtes, no dubtis en posar-te en <\/span><a href=\"https:\/\/ambler.es\/ca\/contacte-2\/\"><span style=\"font-weight: 400;\">contacte<\/span><\/a><span style=\"font-weight: 400;\"> amb nosaltres.<\/span><\/p>\n<p>&nbsp;<\/p>\n","protected":false},"excerpt":{"rendered":"<p>La Responsabilitat Civil Locativa \u00e9s un pilar fonamental en la gesti\u00f3 de qualsevol empresa, sense importar quin sigui el seu tamany o sector. Per\u00f2, per qu\u00e8 \u00e9s imprescindible con\u00e8ixer els seus detalls? Quins s\u00f3n els seus principals beneficis i com poden afectar l&#8217;empresa en cas de no complir-se adequadament? &nbsp; A continuaci\u00f3, des d&#8217;Ambler aprofundirem [&hellip;]<\/p>\n","protected":false},"author":3,"featured_media":1112,"comment_status":"open","ping_status":"closed","sticky":false,"template":"","format":"standard","meta":{"_acf_changed":false,"footnotes":""},"categories":[21,45,22,46,63,23],"tags":[],"class_list":["post-1089","post","type-post","status-publish","format-standard","has-post-thumbnail","hentry","category-assegurances","category-assegurances-ca","category-incidents","category-incidents-ca","category-responsabilitat-civil-ca","category-responsabilitat-civil"],"acf":[],"yoast_head":"<!-- This site is optimized with the Yoast SEO plugin v27.4 - https:\/\/yoast.com\/product\/yoast-seo-wordpress\/ -->\n<title>Entenent la cobertura de Responsabilitat Civil Locativa - Ambler | Corredur\u00eda de Seguros<\/title>\n<meta name=\"description\" content=\"Descobreix com funciona la cl\u00e0usula de Responsabilitat Civil Locativa i per qu\u00e8 \u00e9s crucial per a propietaris i arrendataris.\" \/>\n<meta name=\"robots\" content=\"index, follow, max-snippet:-1, max-image-preview:large, max-video-preview:-1\" \/>\n<link rel=\"canonical\" href=\"https:\/\/ambler.es\/ca\/entenent-la-cobertura-de-responsabilitat-civil-locativa\/\" \/>\n<meta property=\"og:locale\" content=\"ca_ES\" \/>\n<meta property=\"og:type\" content=\"article\" \/>\n<meta property=\"og:title\" content=\"Entenent la cobertura de Responsabilitat Civil Locativa - Ambler | Corredur\u00eda de Seguros\" \/>\n<meta property=\"og:description\" content=\"Descobreix com funciona la cl\u00e0usula de Responsabilitat Civil Locativa i per qu\u00e8 \u00e9s crucial per a propietaris i arrendataris.\" \/>\n<meta property=\"og:url\" content=\"https:\/\/ambler.es\/ca\/entenent-la-cobertura-de-responsabilitat-civil-locativa\/\" \/>\n<meta property=\"og:site_name\" content=\"Ambler | Corredur\u00eda de Seguros\" \/>\n<meta property=\"article:published_time\" content=\"2024-06-25T05:58:00+00:00\" \/>\n<meta property=\"article:modified_time\" content=\"2025-06-11T14:53:00+00:00\" \/>\n<meta property=\"og:image\" content=\"https:\/\/ambler.es\/wp-content\/uploads\/2024\/06\/responsabilidad-c-locativa-1.jpg\" \/>\n\t<meta property=\"og:image:width\" content=\"2000\" \/>\n\t<meta property=\"og:image:height\" content=\"1414\" \/>\n\t<meta property=\"og:image:type\" content=\"image\/jpeg\" \/>\n<meta name=\"author\" content=\"apuig\" \/>\n<meta name=\"twitter:card\" content=\"summary_large_image\" \/>\n<meta name=\"twitter:label1\" content=\"Escrit per\" \/>\n\t<meta name=\"twitter:data1\" content=\"apuig\" \/>\n\t<meta name=\"twitter:label2\" content=\"Temps estimat de lectura\" \/>\n\t<meta name=\"twitter:data2\" content=\"6 minuts\" \/>\n<script type=\"application\/ld+json\" class=\"yoast-schema-graph\">{\"@context\":\"https:\\\/\\\/schema.org\",\"@graph\":[{\"@type\":\"Article\",\"@id\":\"https:\\\/\\\/ambler.es\\\/ca\\\/entenent-la-cobertura-de-responsabilitat-civil-locativa\\\/#article\",\"isPartOf\":{\"@id\":\"https:\\\/\\\/ambler.es\\\/ca\\\/entenent-la-cobertura-de-responsabilitat-civil-locativa\\\/\"},\"author\":{\"name\":\"apuig\",\"@id\":\"https:\\\/\\\/ambler.es\\\/ca\\\/#\\\/schema\\\/person\\\/f2f1291bd9e3ae38ea64e6fb8a8613ec\"},\"headline\":\"Entenent la cobertura de Responsabilitat Civil Locativa\",\"datePublished\":\"2024-06-25T05:58:00+00:00\",\"dateModified\":\"2025-06-11T14:53:00+00:00\",\"mainEntityOfPage\":{\"@id\":\"https:\\\/\\\/ambler.es\\\/ca\\\/entenent-la-cobertura-de-responsabilitat-civil-locativa\\\/\"},\"wordCount\":1384,\"commentCount\":0,\"publisher\":{\"@id\":\"https:\\\/\\\/ambler.es\\\/ca\\\/#organization\"},\"image\":{\"@id\":\"https:\\\/\\\/ambler.es\\\/ca\\\/entenent-la-cobertura-de-responsabilitat-civil-locativa\\\/#primaryimage\"},\"thumbnailUrl\":\"https:\\\/\\\/ambler.es\\\/wp-content\\\/uploads\\\/2024\\\/06\\\/responsabilidad-c-locativa-1.jpg\",\"articleSection\":[\"assegurances\",\"assegurances\",\"incidents\",\"Incidents\",\"responsabilitat civil\",\"responsabilitat civil\"],\"inLanguage\":\"ca\",\"potentialAction\":[{\"@type\":\"CommentAction\",\"name\":\"Comment\",\"target\":[\"https:\\\/\\\/ambler.es\\\/ca\\\/entenent-la-cobertura-de-responsabilitat-civil-locativa\\\/#respond\"]}]},{\"@type\":\"WebPage\",\"@id\":\"https:\\\/\\\/ambler.es\\\/ca\\\/entenent-la-cobertura-de-responsabilitat-civil-locativa\\\/\",\"url\":\"https:\\\/\\\/ambler.es\\\/ca\\\/entenent-la-cobertura-de-responsabilitat-civil-locativa\\\/\",\"name\":\"Entenent la cobertura de Responsabilitat Civil Locativa - Ambler | Corredur\u00eda de Seguros\",\"isPartOf\":{\"@id\":\"https:\\\/\\\/ambler.es\\\/ca\\\/#website\"},\"primaryImageOfPage\":{\"@id\":\"https:\\\/\\\/ambler.es\\\/ca\\\/entenent-la-cobertura-de-responsabilitat-civil-locativa\\\/#primaryimage\"},\"image\":{\"@id\":\"https:\\\/\\\/ambler.es\\\/ca\\\/entenent-la-cobertura-de-responsabilitat-civil-locativa\\\/#primaryimage\"},\"thumbnailUrl\":\"https:\\\/\\\/ambler.es\\\/wp-content\\\/uploads\\\/2024\\\/06\\\/responsabilidad-c-locativa-1.jpg\",\"datePublished\":\"2024-06-25T05:58:00+00:00\",\"dateModified\":\"2025-06-11T14:53:00+00:00\",\"description\":\"Descobreix com funciona la cl\u00e0usula de Responsabilitat Civil Locativa i per qu\u00e8 \u00e9s crucial per a propietaris i arrendataris.\",\"breadcrumb\":{\"@id\":\"https:\\\/\\\/ambler.es\\\/ca\\\/entenent-la-cobertura-de-responsabilitat-civil-locativa\\\/#breadcrumb\"},\"inLanguage\":\"ca\",\"potentialAction\":[{\"@type\":\"ReadAction\",\"target\":[\"https:\\\/\\\/ambler.es\\\/ca\\\/entenent-la-cobertura-de-responsabilitat-civil-locativa\\\/\"]}]},{\"@type\":\"ImageObject\",\"inLanguage\":\"ca\",\"@id\":\"https:\\\/\\\/ambler.es\\\/ca\\\/entenent-la-cobertura-de-responsabilitat-civil-locativa\\\/#primaryimage\",\"url\":\"https:\\\/\\\/ambler.es\\\/wp-content\\\/uploads\\\/2024\\\/06\\\/responsabilidad-c-locativa-1.jpg\",\"contentUrl\":\"https:\\\/\\\/ambler.es\\\/wp-content\\\/uploads\\\/2024\\\/06\\\/responsabilidad-c-locativa-1.jpg\",\"width\":2000,\"height\":1414,\"caption\":\"responsabilidad civil locativa\"},{\"@type\":\"BreadcrumbList\",\"@id\":\"https:\\\/\\\/ambler.es\\\/ca\\\/entenent-la-cobertura-de-responsabilitat-civil-locativa\\\/#breadcrumb\",\"itemListElement\":[{\"@type\":\"ListItem\",\"position\":1,\"name\":\"Portada\",\"item\":\"https:\\\/\\\/ambler.es\\\/\"},{\"@type\":\"ListItem\",\"position\":2,\"name\":\"Entenent la cobertura de Responsabilitat Civil Locativa\"}]},{\"@type\":\"WebSite\",\"@id\":\"https:\\\/\\\/ambler.es\\\/ca\\\/#website\",\"url\":\"https:\\\/\\\/ambler.es\\\/ca\\\/\",\"name\":\"Ambler | Corredur\u00eda de Seguros\",\"description\":\"Ambler es tu Corredur\u00eda de Seguros de confianza. Gestionamos tus riesgos para darte tranquilidad a ti y a los tuyos. Cont\u00e1ctanos para saber m\u00e1s.\",\"publisher\":{\"@id\":\"https:\\\/\\\/ambler.es\\\/ca\\\/#organization\"},\"potentialAction\":[{\"@type\":\"SearchAction\",\"target\":{\"@type\":\"EntryPoint\",\"urlTemplate\":\"https:\\\/\\\/ambler.es\\\/ca\\\/?s={search_term_string}\"},\"query-input\":{\"@type\":\"PropertyValueSpecification\",\"valueRequired\":true,\"valueName\":\"search_term_string\"}}],\"inLanguage\":\"ca\"},{\"@type\":\"Organization\",\"@id\":\"https:\\\/\\\/ambler.es\\\/ca\\\/#organization\",\"name\":\"Ambler | Corredur\u00eda de Seguros\",\"url\":\"https:\\\/\\\/ambler.es\\\/ca\\\/\",\"logo\":{\"@type\":\"ImageObject\",\"inLanguage\":\"ca\",\"@id\":\"https:\\\/\\\/ambler.es\\\/ca\\\/#\\\/schema\\\/logo\\\/image\\\/\",\"url\":\"https:\\\/\\\/ambler.es\\\/wp-content\\\/uploads\\\/2024\\\/12\\\/logo-ambler.svg\",\"contentUrl\":\"https:\\\/\\\/ambler.es\\\/wp-content\\\/uploads\\\/2024\\\/12\\\/logo-ambler.svg\",\"caption\":\"Ambler | Corredur\u00eda de Seguros\"},\"image\":{\"@id\":\"https:\\\/\\\/ambler.es\\\/ca\\\/#\\\/schema\\\/logo\\\/image\\\/\"}},{\"@type\":\"Person\",\"@id\":\"https:\\\/\\\/ambler.es\\\/ca\\\/#\\\/schema\\\/person\\\/f2f1291bd9e3ae38ea64e6fb8a8613ec\",\"name\":\"apuig\",\"image\":{\"@type\":\"ImageObject\",\"inLanguage\":\"ca\",\"@id\":\"https:\\\/\\\/secure.gravatar.com\\\/avatar\\\/583d07f3f1036f58d0e44e873586278b582179a16b27a5b3951504e9ee001c06?s=96&d=mm&r=g\",\"url\":\"https:\\\/\\\/secure.gravatar.com\\\/avatar\\\/583d07f3f1036f58d0e44e873586278b582179a16b27a5b3951504e9ee001c06?s=96&d=mm&r=g\",\"contentUrl\":\"https:\\\/\\\/secure.gravatar.com\\\/avatar\\\/583d07f3f1036f58d0e44e873586278b582179a16b27a5b3951504e9ee001c06?s=96&d=mm&r=g\",\"caption\":\"apuig\"},\"url\":\"https:\\\/\\\/ambler.es\\\/ca\\\/author\\\/apuig\\\/\"}]}<\/script>\n<!-- \/ Yoast SEO plugin. -->","yoast_head_json":{"title":"Entenent la cobertura de Responsabilitat Civil Locativa - Ambler | Corredur\u00eda de Seguros","description":"Descobreix com funciona la cl\u00e0usula de Responsabilitat Civil Locativa i per qu\u00e8 \u00e9s crucial per a propietaris i arrendataris.","robots":{"index":"index","follow":"follow","max-snippet":"max-snippet:-1","max-image-preview":"max-image-preview:large","max-video-preview":"max-video-preview:-1"},"canonical":"https:\/\/ambler.es\/ca\/entenent-la-cobertura-de-responsabilitat-civil-locativa\/","og_locale":"ca_ES","og_type":"article","og_title":"Entenent la cobertura de Responsabilitat Civil Locativa - Ambler | Corredur\u00eda de Seguros","og_description":"Descobreix com funciona la cl\u00e0usula de Responsabilitat Civil Locativa i per qu\u00e8 \u00e9s crucial per a propietaris i arrendataris.","og_url":"https:\/\/ambler.es\/ca\/entenent-la-cobertura-de-responsabilitat-civil-locativa\/","og_site_name":"Ambler | Corredur\u00eda de Seguros","article_published_time":"2024-06-25T05:58:00+00:00","article_modified_time":"2025-06-11T14:53:00+00:00","og_image":[{"width":2000,"height":1414,"url":"https:\/\/ambler.es\/wp-content\/uploads\/2024\/06\/responsabilidad-c-locativa-1.jpg","type":"image\/jpeg"}],"author":"apuig","twitter_card":"summary_large_image","twitter_misc":{"Escrit per":"apuig","Temps estimat de lectura":"6 minuts"},"schema":{"@context":"https:\/\/schema.org","@graph":[{"@type":"Article","@id":"https:\/\/ambler.es\/ca\/entenent-la-cobertura-de-responsabilitat-civil-locativa\/#article","isPartOf":{"@id":"https:\/\/ambler.es\/ca\/entenent-la-cobertura-de-responsabilitat-civil-locativa\/"},"author":{"name":"apuig","@id":"https:\/\/ambler.es\/ca\/#\/schema\/person\/f2f1291bd9e3ae38ea64e6fb8a8613ec"},"headline":"Entenent la cobertura de Responsabilitat Civil Locativa","datePublished":"2024-06-25T05:58:00+00:00","dateModified":"2025-06-11T14:53:00+00:00","mainEntityOfPage":{"@id":"https:\/\/ambler.es\/ca\/entenent-la-cobertura-de-responsabilitat-civil-locativa\/"},"wordCount":1384,"commentCount":0,"publisher":{"@id":"https:\/\/ambler.es\/ca\/#organization"},"image":{"@id":"https:\/\/ambler.es\/ca\/entenent-la-cobertura-de-responsabilitat-civil-locativa\/#primaryimage"},"thumbnailUrl":"https:\/\/ambler.es\/wp-content\/uploads\/2024\/06\/responsabilidad-c-locativa-1.jpg","articleSection":["assegurances","assegurances","incidents","Incidents","responsabilitat civil","responsabilitat civil"],"inLanguage":"ca","potentialAction":[{"@type":"CommentAction","name":"Comment","target":["https:\/\/ambler.es\/ca\/entenent-la-cobertura-de-responsabilitat-civil-locativa\/#respond"]}]},{"@type":"WebPage","@id":"https:\/\/ambler.es\/ca\/entenent-la-cobertura-de-responsabilitat-civil-locativa\/","url":"https:\/\/ambler.es\/ca\/entenent-la-cobertura-de-responsabilitat-civil-locativa\/","name":"Entenent la cobertura de Responsabilitat Civil Locativa - Ambler | Corredur\u00eda de Seguros","isPartOf":{"@id":"https:\/\/ambler.es\/ca\/#website"},"primaryImageOfPage":{"@id":"https:\/\/ambler.es\/ca\/entenent-la-cobertura-de-responsabilitat-civil-locativa\/#primaryimage"},"image":{"@id":"https:\/\/ambler.es\/ca\/entenent-la-cobertura-de-responsabilitat-civil-locativa\/#primaryimage"},"thumbnailUrl":"https:\/\/ambler.es\/wp-content\/uploads\/2024\/06\/responsabilidad-c-locativa-1.jpg","datePublished":"2024-06-25T05:58:00+00:00","dateModified":"2025-06-11T14:53:00+00:00","description":"Descobreix com funciona la cl\u00e0usula de Responsabilitat Civil Locativa i per qu\u00e8 \u00e9s crucial per a propietaris i arrendataris.","breadcrumb":{"@id":"https:\/\/ambler.es\/ca\/entenent-la-cobertura-de-responsabilitat-civil-locativa\/#breadcrumb"},"inLanguage":"ca","potentialAction":[{"@type":"ReadAction","target":["https:\/\/ambler.es\/ca\/entenent-la-cobertura-de-responsabilitat-civil-locativa\/"]}]},{"@type":"ImageObject","inLanguage":"ca","@id":"https:\/\/ambler.es\/ca\/entenent-la-cobertura-de-responsabilitat-civil-locativa\/#primaryimage","url":"https:\/\/ambler.es\/wp-content\/uploads\/2024\/06\/responsabilidad-c-locativa-1.jpg","contentUrl":"https:\/\/ambler.es\/wp-content\/uploads\/2024\/06\/responsabilidad-c-locativa-1.jpg","width":2000,"height":1414,"caption":"responsabilidad civil locativa"},{"@type":"BreadcrumbList","@id":"https:\/\/ambler.es\/ca\/entenent-la-cobertura-de-responsabilitat-civil-locativa\/#breadcrumb","itemListElement":[{"@type":"ListItem","position":1,"name":"Portada","item":"https:\/\/ambler.es\/"},{"@type":"ListItem","position":2,"name":"Entenent la cobertura de Responsabilitat Civil Locativa"}]},{"@type":"WebSite","@id":"https:\/\/ambler.es\/ca\/#website","url":"https:\/\/ambler.es\/ca\/","name":"Ambler | Corredur\u00eda de Seguros","description":"Ambler es tu Corredur\u00eda de Seguros de confianza. Gestionamos tus riesgos para darte tranquilidad a ti y a los tuyos. Cont\u00e1ctanos para saber m\u00e1s.","publisher":{"@id":"https:\/\/ambler.es\/ca\/#organization"},"potentialAction":[{"@type":"SearchAction","target":{"@type":"EntryPoint","urlTemplate":"https:\/\/ambler.es\/ca\/?s={search_term_string}"},"query-input":{"@type":"PropertyValueSpecification","valueRequired":true,"valueName":"search_term_string"}}],"inLanguage":"ca"},{"@type":"Organization","@id":"https:\/\/ambler.es\/ca\/#organization","name":"Ambler | Corredur\u00eda de Seguros","url":"https:\/\/ambler.es\/ca\/","logo":{"@type":"ImageObject","inLanguage":"ca","@id":"https:\/\/ambler.es\/ca\/#\/schema\/logo\/image\/","url":"https:\/\/ambler.es\/wp-content\/uploads\/2024\/12\/logo-ambler.svg","contentUrl":"https:\/\/ambler.es\/wp-content\/uploads\/2024\/12\/logo-ambler.svg","caption":"Ambler | Corredur\u00eda de Seguros"},"image":{"@id":"https:\/\/ambler.es\/ca\/#\/schema\/logo\/image\/"}},{"@type":"Person","@id":"https:\/\/ambler.es\/ca\/#\/schema\/person\/f2f1291bd9e3ae38ea64e6fb8a8613ec","name":"apuig","image":{"@type":"ImageObject","inLanguage":"ca","@id":"https:\/\/secure.gravatar.com\/avatar\/583d07f3f1036f58d0e44e873586278b582179a16b27a5b3951504e9ee001c06?s=96&d=mm&r=g","url":"https:\/\/secure.gravatar.com\/avatar\/583d07f3f1036f58d0e44e873586278b582179a16b27a5b3951504e9ee001c06?s=96&d=mm&r=g","contentUrl":"https:\/\/secure.gravatar.com\/avatar\/583d07f3f1036f58d0e44e873586278b582179a16b27a5b3951504e9ee001c06?s=96&d=mm&r=g","caption":"apuig"},"url":"https:\/\/ambler.es\/ca\/author\/apuig\/"}]}},"_links":{"self":[{"href":"https:\/\/ambler.es\/ca\/wp-json\/wp\/v2\/posts\/1089","targetHints":{"allow":["GET"]}}],"collection":[{"href":"https:\/\/ambler.es\/ca\/wp-json\/wp\/v2\/posts"}],"about":[{"href":"https:\/\/ambler.es\/ca\/wp-json\/wp\/v2\/types\/post"}],"author":[{"embeddable":true,"href":"https:\/\/ambler.es\/ca\/wp-json\/wp\/v2\/users\/3"}],"replies":[{"embeddable":true,"href":"https:\/\/ambler.es\/ca\/wp-json\/wp\/v2\/comments?post=1089"}],"version-history":[{"count":2,"href":"https:\/\/ambler.es\/ca\/wp-json\/wp\/v2\/posts\/1089\/revisions"}],"predecessor-version":[{"id":4677,"href":"https:\/\/ambler.es\/ca\/wp-json\/wp\/v2\/posts\/1089\/revisions\/4677"}],"wp:featuredmedia":[{"embeddable":true,"href":"https:\/\/ambler.es\/ca\/wp-json\/wp\/v2\/media\/1112"}],"wp:attachment":[{"href":"https:\/\/ambler.es\/ca\/wp-json\/wp\/v2\/media?parent=1089"}],"wp:term":[{"taxonomy":"category","embeddable":true,"href":"https:\/\/ambler.es\/ca\/wp-json\/wp\/v2\/categories?post=1089"},{"taxonomy":"post_tag","embeddable":true,"href":"https:\/\/ambler.es\/ca\/wp-json\/wp\/v2\/tags?post=1089"}],"curies":[{"name":"wp","href":"https:\/\/api.w.org\/{rel}","templated":true}]}}