{"id":2761,"date":"2024-12-10T18:11:31","date_gmt":"2024-12-10T17:11:31","guid":{"rendered":"https:\/\/ambler.es\/que-es-lasseguranca-de-baixa-laboral\/"},"modified":"2024-12-10T18:11:31","modified_gmt":"2024-12-10T18:11:31","slug":"que-es-lasseguranca-de-baixa-laboral","status":"publish","type":"post","link":"https:\/\/ambler.es\/ca\/que-es-lasseguranca-de-baixa-laboral\/","title":{"rendered":"Qu\u00e8 \u00e9s l&#8217;asseguran\u00e7a de baixa laboral?"},"content":{"rendered":"<p><span style=\"font-weight: 400;\">\u00c9s l\u00f2gic que, com a treballadors, vulguem saber i exercir si calgu\u00e9s els nostres drets. L&#8217;asseguran\u00e7a de baixa laboral n&#8217;\u00e9s una, i probablement de les m\u00e9s conegudes, encara que potser no a consci\u00e8ncia. \u00c9s important ser conscients que tenim unes responsabilitats com a empleats, que han de ser tornades en forma de drets, els quals hem d&#8217;exercir i sol\u00b7licitar. No obstant aix\u00f2, per aix\u00f2 cal informar-se b\u00e9 primer.   <\/span><\/p>\n<p><span style=\"font-weight: 400;\">Per aix\u00f2 avui volem comen\u00e7ar amb un d&#8217;ells i explicar tant el moment en qu\u00e8 es pot demanar aquest tipus d&#8217;asseguran\u00e7a com els requisits necessaris i les caracter\u00edstiques. En aquests casos, recomanem comptar sempre amb   <\/span><a href=\"https:\/\/ambler.es\/sobre-nosotros\/\"><span style=\"font-weight: 400;\">assessorament professional<\/span><\/a> <span style=\"font-weight: 400;\">, per\u00f2 vegem primer els principis b\u00e0sics.<\/span><\/p>\n<p>&nbsp;<\/p>\n<h2><b>Qu\u00e8 \u00e9s una asseguran\u00e7a de baixa laboral?<\/b><\/h2>\n<p><span style=\"font-weight: 400;\">Abans de comen\u00e7ar amb els requisits \u00e9s important deixar clar en qu\u00e8 consisteix aquest tipus dasseguran\u00e7a. Aquesta p\u00f2lissa garanteix l&#8217;ingr\u00e9s d&#8217;un treballador durant un per\u00edode en qu\u00e8 no pugui desenvolupar el seu ofici a causa d&#8217;una malaltia o accident. Per aix\u00f2, est\u00e0 dissenyat per complementar la cobertura de la seguretat social, assegurant una compensaci\u00f3 econ\u00f2mica addicional en cas d&#8217;incapacitat temporal, cosa que ajuda a cobrir les despeses personals i familiars que puguin sorgir durant la baixa.  <\/span><\/p>\n<p><span style=\"font-weight: 400;\">L&#8217;asseguran\u00e7a de baixa laboral s&#8217;adre\u00e7a principalment a persones que busquen protegir els seus ingressos en cas d&#8217;una baixa per malaltia o accident. Encara que qualsevol treballador se&#8217;n pot beneficiar, hi ha certs grups que solen ser els principals interessats: <\/span><\/p>\n<p>&nbsp;<\/p>\n<h3><b>Treballadors aut\u00f2noms<\/b><\/h3>\n<p><span style=\"font-weight: 400;\">Aquest grup de treballadors no t\u00e9 acc\u00e9s als mateixos beneficis de baixa per malaltia que els empleats per compte d&#8217;altri. La seguretat social cobreix nom\u00e9s una part dels seus ingressos (en funci\u00f3 de la base de cotitzaci\u00f3), cosa que generalment no \u00e9s suficient per mantenir el seu nivell de vida. Una asseguran\u00e7a daquest tipus els proporciona una font dingressos addicional. Aix\u00ed poden mantenir les finances personals i seguir pagant les despeses professionals o personals sense comprometre la seva estabilitat econ\u00f2mica.   <\/span><\/p>\n<p>&nbsp;<\/p>\n<h3><b>Professionals liberals i empresaris<\/b><\/h3>\n<p><span style=\"font-weight: 400;\">Professionals com a metges, advocats, dentistes i altres, l&#8217;activitat dels quals dep\u00e8n de la seva pres\u00e8ncia per generar ingressos, poden enfrontar p\u00e8rdues significatives en cas de baixa laboral. L&#8217;asseguran\u00e7a cobreix els ingressos que podrien perdre durant el temps que no puguin treballar, a m\u00e9s de garantir una certa tranquil\u00b7litat econ\u00f2mica. <\/span><\/p>\n<p>&nbsp;<\/p>\n<h3><b>Empleats per compte ali\u00e8<\/b><\/h3>\n<p><span style=\"font-weight: 400;\">Tot i que els empleats reben una prestaci\u00f3 per incapacitat temporal a trav\u00e9s de la Seguretat Social, aquesta sol ser inferior al seu salari complet. Aix\u00f2 pot afectar el seu poder adquisitiu Amb aquesta asseguran\u00e7a poden cobrir aquesta difer\u00e8ncia entre el que ofereix la Seguretat Social. i el salari habitual, evitant una disminuci\u00f3 significativa d&#8217;ingressos.  <\/span><\/p>\n<p>&nbsp;<\/p>\n<h3><b>Persones amb responsabilitats financeres<\/b><\/h3>\n<p><span style=\"font-weight: 400;\">Aquells amb c\u00e0rregues financeres, com ara una hipoteca, deutes o familiars a c\u00e0rrec, es poden beneficiar d&#8217;una asseguran\u00e7a de baixa laboral, ja que els assegura un ingr\u00e9s regular mentre no poden treballar. Els permet complir els compromisos econ\u00f2mics sense comprometre els estalvis o el patrimoni en cas d&#8217;una baixa inesperada. <\/span><\/p>\n<p>&nbsp;<\/p>\n<h3><b>Persones que busquen completar la vostra asseguran\u00e7a de salut o vida<\/b><\/h3>\n<p><span style=\"font-weight: 400;\">Sovint les persones amb assegurances m\u00e8diques o de vida busquen una cobertura addicional per a baixes laborals. Aquest tipus complementa la cobertura general, proporcionant un ingr\u00e9s en cas de baixa, cosa que altres assegurances solen no cobrir. <\/span><\/p>\n<p>&nbsp;<\/p>\n<h2><b>Qu\u00e8 cobreix una asseguran\u00e7a de baixa laboral?<\/b><\/h2>\n<p><span style=\"font-weight: 400;\">Una asseguran\u00e7a de baixa laboral cobreix principalment els ingressos d&#8217;un treballador quan no pot treballar a causa d&#8217;una malaltia o un accident que li causi una incapacitat temporal. Tot i aix\u00f2, les cobertures exactes poden variar depenent del tipus de p\u00f2lissa contractada i de les condicions espec\u00edfiques de l&#8217;asseguran\u00e7a. Vegem-ne les m\u00e9s comunes:  <\/span><\/p>\n<p>&nbsp;<\/p>\n<h3><b>Substituci\u00f3 d&#8217;ingressos<\/b><\/h3>\n<p><span style=\"font-weight: 400;\">L&#8217;asseguran\u00e7a de baixa laboral paga una quantitat di\u00e0ria o mensual a l&#8217;assegurat durant el temps que duri la baixa. Aix\u00ed, \u00e9s possible mantenir el nivell d&#8217;ingressos mentre el treballador no pot exercir la seva activitat laboral. Acostuma a cobrir un percentatge del salari que oscil\u00b7la entre el 50% i el 100%, depenent de la p\u00f2lissa i de les condicions acordades. \u00c9s com\u00fa que aquest percentatge sigui complementari al que paga la Seguretat Social.   <\/span><\/p>\n<p>&nbsp;<\/p>\n<h3><b>Indemnitzaci\u00f3 per incapacitat temporal<\/b><\/h3>\n<p><span style=\"font-weight: 400;\">Si el treballador pateix una malaltia o accident que li impedeix treballar, l&#8217;asseguran\u00e7a cobrir\u00e0 el per\u00edode d&#8217;incapacitat temporal, tant en malalties comunes com en accidents laborals (tot i que algunes assegurances no cobreixen accidents laborals si ja estan cobertes per la Seguretat Social). Alguns inclouen l&#8217;opci\u00f3 de cobrir malalties m\u00e9s greus o de llarga durada, per aix\u00f2 cobriria m\u00e9s temps que el que estableix la Seguretat Social. <\/span><\/p>\n<p>&nbsp;<\/p>\n<h3><b>Cobertura per accidents no laborals<\/b><\/h3>\n<p><span style=\"font-weight: 400;\">Moltes assegurances cobreixen accidents que no tenen lloc en l&#8217;\u00e0mbit laboral, com ara caigudes, accidents de tr\u00e0nsit, o lesions esportives, sempre que no estiguin relacionats amb activitats laborals.<\/span><\/p>\n<p>&nbsp;<\/p>\n<h3><b>Cobertura addicional per malalties espec\u00edfiques<\/b><\/h3>\n<p><span style=\"font-weight: 400;\">Algunes assegurances de baixa laboral ofereixen cobertures addicionals o espec\u00edfiques, com:<\/span><\/p>\n<p>&nbsp;<\/p>\n<h4><b>C\u00e0ncer o malalties greus<\/b><\/h4>\n<p><span style=\"font-weight: 400;\">En cas que l&#8217;assegurat pateixi una malaltia greu o terminal, l&#8217;asseguran\u00e7a pot oferir una indemnitzaci\u00f3 m\u00e9s gran o un per\u00edode de pagament est\u00e8s.<\/span><\/p>\n<p>&nbsp;<\/p>\n<h4><b>Malalties mentals o psicol\u00f2giques<\/b><\/h4>\n<p><span style=\"font-weight: 400;\">En algunes p\u00f2lisses tamb\u00e9 s&#8217;hi inclou la cobertura per a trastorns psicol\u00f2gics, que tamb\u00e9 poden generar una baixa laboral.<\/span><\/p>\n<p>&nbsp;<\/p>\n<h3><b>Cobertura en cas d&#8217;accidents greus<\/b><\/h3>\n<p><span style=\"font-weight: 400;\">L&#8217;asseguran\u00e7a tamb\u00e9 cobreix la p\u00e8rdua d&#8217;ingressos si el treballador no pot continuar fent la seva activitat habitual a causa d&#8217;un accident greu.<\/span><\/p>\n<p>&nbsp;<\/p>\n<h3><b>Per\u00edode d&#8217;espera o car\u00e8ncia<\/b><\/h3>\n<p><span style=\"font-weight: 400;\">Algunes p\u00f2lisses inclouen un per\u00edode d&#8217;espera o car\u00e8ncia, que \u00e9s el temps que heu de passar des de l&#8217;inici de la baixa fins que l&#8217;asseguran\u00e7a comenci a pagar. Aquest per\u00edode pot variar, per\u00f2 sol ser entre 7 i 30 dies. N&#8217;hi ha d&#8217;altres en qu\u00e8 les malalties preexistents poden estar excloses de la cobertura durant un per\u00edode inicial.  <\/span><\/p>\n<p>&nbsp;<\/p>\n<h3><b>Complement a la seguretat social<\/b><\/h3>\n<p><span style=\"font-weight: 400;\">L&#8217;asseguran\u00e7a de baixa laboral sol cobrir la difer\u00e8ncia entre all\u00f2 que paga la Seguretat Social i el salari habitual del treballador. Aquesta generalment cobreix entre el 60% i el 75% del salari base, depenent del temps que faci el treballador que cotitza. L&#8217;asseguran\u00e7a complementa aquesta quantitat, ajudant a mantenir el salari \u00edntegre o una major part.  <\/span><\/p>\n<p>&nbsp;<\/p>\n<h3><b>Durada de la cobertura<\/b><\/h3>\n<p><span style=\"font-weight: 400;\">Varia segons l&#8217;asseguran\u00e7a i la p\u00f2lissa. Alguns ofereixen cobertura per una durada il\u00b7limitada, mentre que altres limiten la indemnitzaci\u00f3 a un nombre determinat de dies o mesos (per exemple, 12 mesos o fins que el treballador es recuperi). <\/span><\/p>\n<p>&nbsp;<\/p>\n<h3><b>Opcions de cobertura personalitzada<\/b><\/h3>\n<p><span style=\"font-weight: 400;\">Algunes assegurances permeten personalitzar la cobertura, afegint cl\u00e0usules o extres que s&#8217;ajustin a les necessitats de l&#8217;assegurat, com ara cobertura per a activitats professionals espec\u00edfiques o assessorament m\u00e8dic o rehabilitaci\u00f3.<\/span><\/p>\n<p>&nbsp;<\/p>\n<h2><b>Quins s\u00f3n els beneficis?<\/b><\/h2>\n<p><span style=\"font-weight: 400;\">L&#8217;asseguran\u00e7a de baixa laboral ofereix diversos beneficis tant per a empleats com per a aut\u00f2noms, ja que proporciona una cobertura econ\u00f2mica quan una persona no pot treballar pels motius que hem explicat a dalt. A m\u00e9s de suposar un alleugeriment i una relaxaci\u00f3 davant d&#8217;un problema que podria causar estr\u00e8s i ansietat, tamb\u00e9 ens pot oferir altres avantatges: <\/span><\/p>\n<p>&nbsp;<\/p>\n<h3><b>Seguretat econ\u00f2mica<\/b><\/h3>\n<p><span style=\"font-weight: 400;\">El m\u00e9s important \u00e9s que lasseguran\u00e7a de baixa laboral garanteix que el treballador mantingui un nivell dingressos adequat mentre est\u00e0 de baixa per malaltia o accident. Aix\u00f2 \u00e9s especialment important perqu\u00e8, en molts casos, les prestacions de la Seguretat Social no cobreixen el 100% del salari del treballador. Molts permeten complementar all\u00f2 que paga la Seguretat Social, garantint que el treballador rebi un percentatge m\u00e9s alt del seu salari habitual durant el per\u00edode de baixa.  <\/span><\/p>\n<p>&nbsp;<\/p>\n<h3><b>Reducci\u00f3 de l&#8217;estr\u00e8s financer<\/b><\/h3>\n<p><span style=\"font-weight: 400;\">Durant la baixa, les preocupacions financeres solen ser una de les fonts principals d&#8217;estr\u00e8s. Aquesta asseguran\u00e7a ajuda a alleujar-les perqu\u00e8 assegura que el treballador pugui cobrir les seves despeses di\u00e0ries, com ara factures, aliments, lloguer o hipoteca, sense haver de dependre dels estalvis. <\/span><\/p>\n<p><span style=\"font-weight: 400;\">Si un accident o una malaltia inesperada interromp la capacitat de treballar, l&#8217;asseguran\u00e7a actua com un salvavides econ\u00f2mic, oferint una compensaci\u00f3 mentre es recupera.<\/span><\/p>\n<p>&nbsp;<\/p>\n<h3><b>Cobertura complement\u00e0ria a la Seguretat Social<\/b><\/h3>\n<p><span style=\"font-weight: 400;\">Tot i que la Seguretat Social cobreix les baixes laborals, generalment nom\u00e9s cobreix una fracci\u00f3 del salari, que pot no ser suficient per a algunes persones. Una asseguran\u00e7a de baixa laboral ajuda a completar aquesta difer\u00e8ncia, mantenint el poder adquisitiu del treballador. Aquest benefici pot ser especialment \u00fatil per a aut\u00f2noms, que no sempre tenen acc\u00e9s a prestacions d&#8217;incapacitat completes per part de la Seguretat Social.  <\/span><\/p>\n<p>&nbsp;<\/p>\n<h3><b>Cobertura en casos de malalties greus o perllongades<\/b><\/h3>\n<p><span style=\"font-weight: 400;\">Les baixes per malalties greus o perllongades, com ara c\u00e0ncer o malalties cr\u00f2niques, poden durar molt de temps i tenir un impacte important en els ingressos del treballador. L&#8217;asseguran\u00e7a de baixa laboral assegura que durant aquest llarg per\u00edode de recuperaci\u00f3 el treballador rebr\u00e0 una compensaci\u00f3 econ\u00f2mica. La persona pot aix\u00ed concentrar-se en la recuperaci\u00f3 i el benestar sense haver de preocupar-se per perdre la font d&#8217;ingressos.  <\/span><\/p>\n<p>&nbsp;<\/p>\n<h3><b>Cobertura d&#8217;accidents no laborals<\/b><\/h3>\n<p><span style=\"font-weight: 400;\">Algunes assegurances de baixa laboral no nom\u00e9s cobreixen les baixes laborals degudes a malalties, sin\u00f3 tamb\u00e9 els accidents ocorreguts fora de la feina, com ara accidents de tr\u00e0nsit o lesions esportives. Suposa una protecci\u00f3 m\u00e9s \u00e0mplia, ja que qualsevol accident inesperat pot resultar en una incapacitat temporal per treballar. <\/span><\/p>\n<p>&nbsp;<\/p>\n<h3><b>Acc\u00e9s a serveis m\u00e8dics addicionals<\/b><\/h3>\n<p><span style=\"font-weight: 400;\">Algunes assegurances de baixa laboral inclouen opcions de cobertura per a atenci\u00f3 m\u00e8dica addicional, com ara acc\u00e9s a consultes privades, tractaments m\u00e8dics o rehabilitaci\u00f3. Aix\u00ed es pot accelerar la recuperaci\u00f3 del treballador i, alhora, reduir el temps que triga a tornar a incorporar-se a la seva activitat laboral. La rehabilitaci\u00f3 m\u00e8dica o f\u00edsica pot ser coberta en algunes p\u00f2lisses, cosa que permet una recuperaci\u00f3 m\u00e9s eficient i r\u00e0pida.  <\/span><\/p>\n<p>&nbsp;<\/p>\n<h3><b>Protecci\u00f3 per a aut\u00f2noms i professionals liberals<\/b><\/h3>\n<p><span style=\"font-weight: 400;\">Els treballadors per compte propi no sempre tenen acc\u00e9s a prestacions de baixa adequades. Aquesta asseguran\u00e7a es torna especialment valuosa per a ells, ja que garanteix que continu\u00efn rebent ingressos mentre estan incapacitats per treballar. Com que no tenen un sou fix, depenen completament de la seva capacitat per treballar. Aquesta asseguran\u00e7a assegura que no es vegin obligats a esgotar els estalvis en cas d&#8217;una baixa.   <\/span><\/p>\n<p>&nbsp;<\/p>\n<h3><b>Flexibilitat de la p\u00f2lissa<\/b><\/h3>\n<p><span style=\"font-weight: 400;\">Moltes assegurances de baixa laboral permeten ajustar la p\u00f2lissa d&#8217;acord amb les necessitats del treballador, cobrint nom\u00e9s certes malalties o accidents, o fins i tot afegint beneficis extra com a assist\u00e8ncia m\u00e8dica, ter\u00e0pia de rehabilitaci\u00f3 o programes de benestar. Algunes asseguradores ofereixen assegurances espec\u00edficament dissenyades per a professions d&#8217;alt risc o activitats que requereixen una alta especialitzaci\u00f3, com ara metges, advocats o enginyers, cosa que augmenta la flexibilitat i la utilitat de l&#8217;asseguran\u00e7a. <\/span><\/p>\n<p>&nbsp;<\/p>\n<h3><b>Facilitat d&#8217;acc\u00e9s a la cobertura<\/b><\/h3>\n<p><span style=\"font-weight: 400;\">En la majoria dels casos, el proc\u00e9s per rebre els pagaments o les compensacions d&#8217;una asseguran\u00e7a de baixa laboral \u00e9s relativament r\u00e0pid, fet que significa que el treballador no haur\u00e0 d&#8217;esperar llargs per\u00edodes sense ingressos. Depenent de la p\u00f2lissa, alguns comencen a cobrir des del primer dia de baixa, mentre que altres tenen un per\u00edode despera o car\u00e8ncia, per\u00f2 generalment s\u00f3n r\u00e0pids en proporcionar la compensaci\u00f3. <\/span><\/p>\n<p>&nbsp;<\/p>\n<h3><b>Pau mental per a la fam\u00edlia<\/b><\/h3>\n<p><span style=\"font-weight: 400;\">Si el treballador t\u00e9 familiars a c\u00e0rrec seu, l&#8217;asseguran\u00e7a de baixa laboral tamb\u00e9 pot ser un alleujament per a ells, ja que assegura que les necessitats econ\u00f2miques de la fam\u00edlia es continuaran cobrint mentre el treballador es troba en recuperaci\u00f3.<\/span><\/p>\n<p>&nbsp;<\/p>\n<p><span style=\"font-weight: 400;\">Si necessites assessorament sobre l&#8217;asseguran\u00e7a de baixa laboral o sobre qualsevol altra, tant si ets un particular com si ets una empresa, pots comptar amb els serveis de<\/span> <a href=\"https:\/\/ambler.es\/\"><span style=\"font-weight: 400;\">Ambler<\/span><\/a><span style=\"font-weight: 400;\">. Llevamos desde 1991 asesorando de manera integral a las personas y sus empresas para ayudarles a gestionar el riesgo, porque es parte de la vida misma. Nuestro objetivo es proteger a las personas y lo que tienen para asegurar su futuro, as\u00ed que si necesitas de nuestros servicios solamente tienes que ponerte en    <\/span><a href=\"https:\/\/ambler.es\/ca\/contacte-2\/\"><span style=\"font-weight: 400;\">contacte<\/span><\/a> <span style=\"font-weight: 400;\">amb el nostre equip perqu\u00e8 et puguem oferir una cobertura m\u00e9s personalitzada.<\/span><\/p>\n","protected":false},"excerpt":{"rendered":"<p>\u00c9s l\u00f2gic que, com a treballadors, vulguem saber i exercir si calgu\u00e9s els nostres drets. L&#8217;asseguran\u00e7a de baixa laboral n&#8217;\u00e9s una, i probablement de les m\u00e9s conegudes, encara que potser no a consci\u00e8ncia. \u00c9s important ser conscients que tenim unes responsabilitats com a empleats, que han de ser tornades en forma de drets, els quals [&hellip;]<\/p>\n","protected":false},"author":3,"featured_media":1530,"comment_status":"open","ping_status":"open","sticky":false,"template":"","format":"standard","meta":{"_acf_changed":false,"footnotes":""},"categories":[21,45],"tags":[],"class_list":["post-2761","post","type-post","status-publish","format-standard","has-post-thumbnail","hentry","category-assegurances","category-assegurances-ca"],"acf":[],"yoast_head":"<!-- This site is optimized with the Yoast SEO plugin v27.4 - https:\/\/yoast.com\/product\/yoast-seo-wordpress\/ -->\n<title>Qu\u00e8 \u00e9s l&#039;asseguran\u00e7a de baixa laboral? - Ambler | Corredur\u00eda de Seguros<\/title>\n<meta name=\"robots\" content=\"index, follow, max-snippet:-1, max-image-preview:large, max-video-preview:-1\" \/>\n<link rel=\"canonical\" href=\"https:\/\/ambler.es\/ca\/que-es-lasseguranca-de-baixa-laboral\/\" \/>\n<meta property=\"og:locale\" content=\"ca_ES\" \/>\n<meta property=\"og:type\" content=\"article\" \/>\n<meta property=\"og:title\" content=\"Qu\u00e8 \u00e9s l&#039;asseguran\u00e7a de baixa laboral? - Ambler | Corredur\u00eda de Seguros\" \/>\n<meta property=\"og:description\" content=\"\u00c9s l\u00f2gic que, com a treballadors, vulguem saber i exercir si calgu\u00e9s els nostres drets. L&#8217;asseguran\u00e7a de baixa laboral n&#8217;\u00e9s una, i probablement de les m\u00e9s conegudes, encara que potser no a consci\u00e8ncia. \u00c9s important ser conscients que tenim unes responsabilitats com a empleats, que han de ser tornades en forma de drets, els quals [&hellip;]\" \/>\n<meta property=\"og:url\" content=\"https:\/\/ambler.es\/ca\/que-es-lasseguranca-de-baixa-laboral\/\" \/>\n<meta property=\"og:site_name\" content=\"Ambler | Corredur\u00eda de Seguros\" \/>\n<meta property=\"article:published_time\" content=\"2024-12-10T17:11:31+00:00\" \/>\n<meta property=\"article:modified_time\" content=\"2024-12-10T18:11:31+00:00\" \/>\n<meta property=\"og:image\" content=\"https:\/\/ambler.es\/wp-content\/uploads\/2024\/12\/seguro-baja-laboral.png\" \/>\n\t<meta property=\"og:image:width\" content=\"2000\" \/>\n\t<meta property=\"og:image:height\" content=\"1414\" \/>\n\t<meta property=\"og:image:type\" content=\"image\/png\" \/>\n<meta name=\"author\" content=\"apuig\" \/>\n<meta name=\"twitter:card\" content=\"summary_large_image\" \/>\n<meta name=\"twitter:label1\" content=\"Escrit per\" \/>\n\t<meta name=\"twitter:data1\" content=\"apuig\" \/>\n\t<meta name=\"twitter:label2\" content=\"Temps estimat de lectura\" \/>\n\t<meta name=\"twitter:data2\" content=\"10 minuts\" \/>\n<script type=\"application\/ld+json\" class=\"yoast-schema-graph\">{\"@context\":\"https:\\\/\\\/schema.org\",\"@graph\":[{\"@type\":\"Article\",\"@id\":\"https:\\\/\\\/ambler.es\\\/ca\\\/que-es-lasseguranca-de-baixa-laboral\\\/#article\",\"isPartOf\":{\"@id\":\"https:\\\/\\\/ambler.es\\\/ca\\\/que-es-lasseguranca-de-baixa-laboral\\\/\"},\"author\":{\"name\":\"apuig\",\"@id\":\"https:\\\/\\\/ambler.es\\\/ca\\\/#\\\/schema\\\/person\\\/f2f1291bd9e3ae38ea64e6fb8a8613ec\"},\"headline\":\"Qu\u00e8 \u00e9s l&#8217;asseguran\u00e7a de baixa laboral?\",\"datePublished\":\"2024-12-10T17:11:31+00:00\",\"dateModified\":\"2024-12-10T18:11:31+00:00\",\"mainEntityOfPage\":{\"@id\":\"https:\\\/\\\/ambler.es\\\/ca\\\/que-es-lasseguranca-de-baixa-laboral\\\/\"},\"wordCount\":2157,\"commentCount\":0,\"publisher\":{\"@id\":\"https:\\\/\\\/ambler.es\\\/ca\\\/#organization\"},\"image\":{\"@id\":\"https:\\\/\\\/ambler.es\\\/ca\\\/que-es-lasseguranca-de-baixa-laboral\\\/#primaryimage\"},\"thumbnailUrl\":\"https:\\\/\\\/ambler.es\\\/wp-content\\\/uploads\\\/2024\\\/12\\\/seguro-baja-laboral.png\",\"articleSection\":[\"assegurances\",\"assegurances\"],\"inLanguage\":\"ca\",\"potentialAction\":[{\"@type\":\"CommentAction\",\"name\":\"Comment\",\"target\":[\"https:\\\/\\\/ambler.es\\\/ca\\\/que-es-lasseguranca-de-baixa-laboral\\\/#respond\"]}]},{\"@type\":\"WebPage\",\"@id\":\"https:\\\/\\\/ambler.es\\\/ca\\\/que-es-lasseguranca-de-baixa-laboral\\\/\",\"url\":\"https:\\\/\\\/ambler.es\\\/ca\\\/que-es-lasseguranca-de-baixa-laboral\\\/\",\"name\":\"Qu\u00e8 \u00e9s l'asseguran\u00e7a de baixa laboral? - Ambler | Corredur\u00eda de Seguros\",\"isPartOf\":{\"@id\":\"https:\\\/\\\/ambler.es\\\/ca\\\/#website\"},\"primaryImageOfPage\":{\"@id\":\"https:\\\/\\\/ambler.es\\\/ca\\\/que-es-lasseguranca-de-baixa-laboral\\\/#primaryimage\"},\"image\":{\"@id\":\"https:\\\/\\\/ambler.es\\\/ca\\\/que-es-lasseguranca-de-baixa-laboral\\\/#primaryimage\"},\"thumbnailUrl\":\"https:\\\/\\\/ambler.es\\\/wp-content\\\/uploads\\\/2024\\\/12\\\/seguro-baja-laboral.png\",\"datePublished\":\"2024-12-10T17:11:31+00:00\",\"dateModified\":\"2024-12-10T18:11:31+00:00\",\"breadcrumb\":{\"@id\":\"https:\\\/\\\/ambler.es\\\/ca\\\/que-es-lasseguranca-de-baixa-laboral\\\/#breadcrumb\"},\"inLanguage\":\"ca\",\"potentialAction\":[{\"@type\":\"ReadAction\",\"target\":[\"https:\\\/\\\/ambler.es\\\/ca\\\/que-es-lasseguranca-de-baixa-laboral\\\/\"]}]},{\"@type\":\"ImageObject\",\"inLanguage\":\"ca\",\"@id\":\"https:\\\/\\\/ambler.es\\\/ca\\\/que-es-lasseguranca-de-baixa-laboral\\\/#primaryimage\",\"url\":\"https:\\\/\\\/ambler.es\\\/wp-content\\\/uploads\\\/2024\\\/12\\\/seguro-baja-laboral.png\",\"contentUrl\":\"https:\\\/\\\/ambler.es\\\/wp-content\\\/uploads\\\/2024\\\/12\\\/seguro-baja-laboral.png\",\"width\":2000,\"height\":1414,\"caption\":\"seguro baja laboral\"},{\"@type\":\"BreadcrumbList\",\"@id\":\"https:\\\/\\\/ambler.es\\\/ca\\\/que-es-lasseguranca-de-baixa-laboral\\\/#breadcrumb\",\"itemListElement\":[{\"@type\":\"ListItem\",\"position\":1,\"name\":\"Portada\",\"item\":\"https:\\\/\\\/ambler.es\\\/\"},{\"@type\":\"ListItem\",\"position\":2,\"name\":\"Qu\u00e8 \u00e9s l&#8217;asseguran\u00e7a de baixa laboral?\"}]},{\"@type\":\"WebSite\",\"@id\":\"https:\\\/\\\/ambler.es\\\/ca\\\/#website\",\"url\":\"https:\\\/\\\/ambler.es\\\/ca\\\/\",\"name\":\"Ambler | Corredur\u00eda de Seguros\",\"description\":\"Ambler es tu Corredur\u00eda de Seguros de confianza. Gestionamos tus riesgos para darte tranquilidad a ti y a los tuyos. Cont\u00e1ctanos para saber m\u00e1s.\",\"publisher\":{\"@id\":\"https:\\\/\\\/ambler.es\\\/ca\\\/#organization\"},\"potentialAction\":[{\"@type\":\"SearchAction\",\"target\":{\"@type\":\"EntryPoint\",\"urlTemplate\":\"https:\\\/\\\/ambler.es\\\/ca\\\/?s={search_term_string}\"},\"query-input\":{\"@type\":\"PropertyValueSpecification\",\"valueRequired\":true,\"valueName\":\"search_term_string\"}}],\"inLanguage\":\"ca\"},{\"@type\":\"Organization\",\"@id\":\"https:\\\/\\\/ambler.es\\\/ca\\\/#organization\",\"name\":\"Ambler | Corredur\u00eda de Seguros\",\"url\":\"https:\\\/\\\/ambler.es\\\/ca\\\/\",\"logo\":{\"@type\":\"ImageObject\",\"inLanguage\":\"ca\",\"@id\":\"https:\\\/\\\/ambler.es\\\/ca\\\/#\\\/schema\\\/logo\\\/image\\\/\",\"url\":\"https:\\\/\\\/ambler.es\\\/wp-content\\\/uploads\\\/2024\\\/12\\\/logo-ambler.svg\",\"contentUrl\":\"https:\\\/\\\/ambler.es\\\/wp-content\\\/uploads\\\/2024\\\/12\\\/logo-ambler.svg\",\"caption\":\"Ambler | Corredur\u00eda de Seguros\"},\"image\":{\"@id\":\"https:\\\/\\\/ambler.es\\\/ca\\\/#\\\/schema\\\/logo\\\/image\\\/\"}},{\"@type\":\"Person\",\"@id\":\"https:\\\/\\\/ambler.es\\\/ca\\\/#\\\/schema\\\/person\\\/f2f1291bd9e3ae38ea64e6fb8a8613ec\",\"name\":\"apuig\",\"image\":{\"@type\":\"ImageObject\",\"inLanguage\":\"ca\",\"@id\":\"https:\\\/\\\/secure.gravatar.com\\\/avatar\\\/583d07f3f1036f58d0e44e873586278b582179a16b27a5b3951504e9ee001c06?s=96&d=mm&r=g\",\"url\":\"https:\\\/\\\/secure.gravatar.com\\\/avatar\\\/583d07f3f1036f58d0e44e873586278b582179a16b27a5b3951504e9ee001c06?s=96&d=mm&r=g\",\"contentUrl\":\"https:\\\/\\\/secure.gravatar.com\\\/avatar\\\/583d07f3f1036f58d0e44e873586278b582179a16b27a5b3951504e9ee001c06?s=96&d=mm&r=g\",\"caption\":\"apuig\"},\"url\":\"https:\\\/\\\/ambler.es\\\/ca\\\/author\\\/apuig\\\/\"}]}<\/script>\n<!-- \/ Yoast SEO plugin. -->","yoast_head_json":{"title":"Qu\u00e8 \u00e9s l'asseguran\u00e7a de baixa laboral? - Ambler | Corredur\u00eda de Seguros","robots":{"index":"index","follow":"follow","max-snippet":"max-snippet:-1","max-image-preview":"max-image-preview:large","max-video-preview":"max-video-preview:-1"},"canonical":"https:\/\/ambler.es\/ca\/que-es-lasseguranca-de-baixa-laboral\/","og_locale":"ca_ES","og_type":"article","og_title":"Qu\u00e8 \u00e9s l'asseguran\u00e7a de baixa laboral? - Ambler | Corredur\u00eda de Seguros","og_description":"\u00c9s l\u00f2gic que, com a treballadors, vulguem saber i exercir si calgu\u00e9s els nostres drets. L&#8217;asseguran\u00e7a de baixa laboral n&#8217;\u00e9s una, i probablement de les m\u00e9s conegudes, encara que potser no a consci\u00e8ncia. \u00c9s important ser conscients que tenim unes responsabilitats com a empleats, que han de ser tornades en forma de drets, els quals [&hellip;]","og_url":"https:\/\/ambler.es\/ca\/que-es-lasseguranca-de-baixa-laboral\/","og_site_name":"Ambler | Corredur\u00eda de Seguros","article_published_time":"2024-12-10T17:11:31+00:00","article_modified_time":"2024-12-10T18:11:31+00:00","og_image":[{"width":2000,"height":1414,"url":"https:\/\/ambler.es\/wp-content\/uploads\/2024\/12\/seguro-baja-laboral.png","type":"image\/png"}],"author":"apuig","twitter_card":"summary_large_image","twitter_misc":{"Escrit per":"apuig","Temps estimat de lectura":"10 minuts"},"schema":{"@context":"https:\/\/schema.org","@graph":[{"@type":"Article","@id":"https:\/\/ambler.es\/ca\/que-es-lasseguranca-de-baixa-laboral\/#article","isPartOf":{"@id":"https:\/\/ambler.es\/ca\/que-es-lasseguranca-de-baixa-laboral\/"},"author":{"name":"apuig","@id":"https:\/\/ambler.es\/ca\/#\/schema\/person\/f2f1291bd9e3ae38ea64e6fb8a8613ec"},"headline":"Qu\u00e8 \u00e9s l&#8217;asseguran\u00e7a de baixa laboral?","datePublished":"2024-12-10T17:11:31+00:00","dateModified":"2024-12-10T18:11:31+00:00","mainEntityOfPage":{"@id":"https:\/\/ambler.es\/ca\/que-es-lasseguranca-de-baixa-laboral\/"},"wordCount":2157,"commentCount":0,"publisher":{"@id":"https:\/\/ambler.es\/ca\/#organization"},"image":{"@id":"https:\/\/ambler.es\/ca\/que-es-lasseguranca-de-baixa-laboral\/#primaryimage"},"thumbnailUrl":"https:\/\/ambler.es\/wp-content\/uploads\/2024\/12\/seguro-baja-laboral.png","articleSection":["assegurances","assegurances"],"inLanguage":"ca","potentialAction":[{"@type":"CommentAction","name":"Comment","target":["https:\/\/ambler.es\/ca\/que-es-lasseguranca-de-baixa-laboral\/#respond"]}]},{"@type":"WebPage","@id":"https:\/\/ambler.es\/ca\/que-es-lasseguranca-de-baixa-laboral\/","url":"https:\/\/ambler.es\/ca\/que-es-lasseguranca-de-baixa-laboral\/","name":"Qu\u00e8 \u00e9s l'asseguran\u00e7a de baixa laboral? - Ambler | Corredur\u00eda de Seguros","isPartOf":{"@id":"https:\/\/ambler.es\/ca\/#website"},"primaryImageOfPage":{"@id":"https:\/\/ambler.es\/ca\/que-es-lasseguranca-de-baixa-laboral\/#primaryimage"},"image":{"@id":"https:\/\/ambler.es\/ca\/que-es-lasseguranca-de-baixa-laboral\/#primaryimage"},"thumbnailUrl":"https:\/\/ambler.es\/wp-content\/uploads\/2024\/12\/seguro-baja-laboral.png","datePublished":"2024-12-10T17:11:31+00:00","dateModified":"2024-12-10T18:11:31+00:00","breadcrumb":{"@id":"https:\/\/ambler.es\/ca\/que-es-lasseguranca-de-baixa-laboral\/#breadcrumb"},"inLanguage":"ca","potentialAction":[{"@type":"ReadAction","target":["https:\/\/ambler.es\/ca\/que-es-lasseguranca-de-baixa-laboral\/"]}]},{"@type":"ImageObject","inLanguage":"ca","@id":"https:\/\/ambler.es\/ca\/que-es-lasseguranca-de-baixa-laboral\/#primaryimage","url":"https:\/\/ambler.es\/wp-content\/uploads\/2024\/12\/seguro-baja-laboral.png","contentUrl":"https:\/\/ambler.es\/wp-content\/uploads\/2024\/12\/seguro-baja-laboral.png","width":2000,"height":1414,"caption":"seguro baja laboral"},{"@type":"BreadcrumbList","@id":"https:\/\/ambler.es\/ca\/que-es-lasseguranca-de-baixa-laboral\/#breadcrumb","itemListElement":[{"@type":"ListItem","position":1,"name":"Portada","item":"https:\/\/ambler.es\/"},{"@type":"ListItem","position":2,"name":"Qu\u00e8 \u00e9s l&#8217;asseguran\u00e7a de baixa laboral?"}]},{"@type":"WebSite","@id":"https:\/\/ambler.es\/ca\/#website","url":"https:\/\/ambler.es\/ca\/","name":"Ambler | Corredur\u00eda de Seguros","description":"Ambler es tu Corredur\u00eda de Seguros de confianza. Gestionamos tus riesgos para darte tranquilidad a ti y a los tuyos. Cont\u00e1ctanos para saber m\u00e1s.","publisher":{"@id":"https:\/\/ambler.es\/ca\/#organization"},"potentialAction":[{"@type":"SearchAction","target":{"@type":"EntryPoint","urlTemplate":"https:\/\/ambler.es\/ca\/?s={search_term_string}"},"query-input":{"@type":"PropertyValueSpecification","valueRequired":true,"valueName":"search_term_string"}}],"inLanguage":"ca"},{"@type":"Organization","@id":"https:\/\/ambler.es\/ca\/#organization","name":"Ambler | Corredur\u00eda de Seguros","url":"https:\/\/ambler.es\/ca\/","logo":{"@type":"ImageObject","inLanguage":"ca","@id":"https:\/\/ambler.es\/ca\/#\/schema\/logo\/image\/","url":"https:\/\/ambler.es\/wp-content\/uploads\/2024\/12\/logo-ambler.svg","contentUrl":"https:\/\/ambler.es\/wp-content\/uploads\/2024\/12\/logo-ambler.svg","caption":"Ambler | Corredur\u00eda de Seguros"},"image":{"@id":"https:\/\/ambler.es\/ca\/#\/schema\/logo\/image\/"}},{"@type":"Person","@id":"https:\/\/ambler.es\/ca\/#\/schema\/person\/f2f1291bd9e3ae38ea64e6fb8a8613ec","name":"apuig","image":{"@type":"ImageObject","inLanguage":"ca","@id":"https:\/\/secure.gravatar.com\/avatar\/583d07f3f1036f58d0e44e873586278b582179a16b27a5b3951504e9ee001c06?s=96&d=mm&r=g","url":"https:\/\/secure.gravatar.com\/avatar\/583d07f3f1036f58d0e44e873586278b582179a16b27a5b3951504e9ee001c06?s=96&d=mm&r=g","contentUrl":"https:\/\/secure.gravatar.com\/avatar\/583d07f3f1036f58d0e44e873586278b582179a16b27a5b3951504e9ee001c06?s=96&d=mm&r=g","caption":"apuig"},"url":"https:\/\/ambler.es\/ca\/author\/apuig\/"}]}},"_links":{"self":[{"href":"https:\/\/ambler.es\/ca\/wp-json\/wp\/v2\/posts\/2761","targetHints":{"allow":["GET"]}}],"collection":[{"href":"https:\/\/ambler.es\/ca\/wp-json\/wp\/v2\/posts"}],"about":[{"href":"https:\/\/ambler.es\/ca\/wp-json\/wp\/v2\/types\/post"}],"author":[{"embeddable":true,"href":"https:\/\/ambler.es\/ca\/wp-json\/wp\/v2\/users\/3"}],"replies":[{"embeddable":true,"href":"https:\/\/ambler.es\/ca\/wp-json\/wp\/v2\/comments?post=2761"}],"version-history":[{"count":0,"href":"https:\/\/ambler.es\/ca\/wp-json\/wp\/v2\/posts\/2761\/revisions"}],"wp:featuredmedia":[{"embeddable":true,"href":"https:\/\/ambler.es\/ca\/wp-json\/wp\/v2\/media\/1530"}],"wp:attachment":[{"href":"https:\/\/ambler.es\/ca\/wp-json\/wp\/v2\/media?parent=2761"}],"wp:term":[{"taxonomy":"category","embeddable":true,"href":"https:\/\/ambler.es\/ca\/wp-json\/wp\/v2\/categories?post=2761"},{"taxonomy":"post_tag","embeddable":true,"href":"https:\/\/ambler.es\/ca\/wp-json\/wp\/v2\/tags?post=2761"}],"curies":[{"name":"wp","href":"https:\/\/api.w.org\/{rel}","templated":true}]}}